{"id":1107,"date":"2021-10-27T10:40:24","date_gmt":"2021-10-27T10:40:24","guid":{"rendered":"https:\/\/trenesturisticos.info\/?p=1107"},"modified":"2021-10-28T15:15:16","modified_gmt":"2021-10-28T15:15:16","slug":"el-cuc-de-santa-susanna-se-despide-hasta-el-2022","status":"publish","type":"post","link":"https:\/\/trenesturisticos.info\/ca\/el-cuc-de-santa-susanna-se-despide-hasta-el-2022\/","title":{"rendered":"El &#8220;CUC&#8221; DE SANTA SUSANNA S&#8217;ACOMIADA FINS EL 2022!!!"},"content":{"rendered":"<p>El trenet tur\u00edstic de Santa Susanna s&#8217;acomiada avui 27\/10 de tots vosaltres agraint el suport donat durant aquest any &#8220;Covid&#8221;, moltes gr\u00e0cies per la vostre confian\u00e7a i tornarem la propera temporada amb + viatges, + energia i + Santa Susanna.<\/p>\n<p>Ens veiem al !<\/p>\n","protected":false},"excerpt":{"rendered":"<p>El trenet tur\u00edstic de Santa Susanna s&#8217;acomiada avui 27\/10 de tots vosaltres agraint el suport donat durant aquest any &#8220;Covid&#8221;, moltes gr\u00e0cies per la vostre confian\u00e7a i tornarem la propera temporada amb + viatges, + energia i + Santa Susanna. Ens veiem al !<\/p>\n","protected":false},"author":2,"featured_media":1098,"comment_status":"closed","ping_status":"closed","sticky":false,"template":"","format":"standard","meta":{"footnotes":""},"categories":[56,104,98],"tags":[109,108,84],"class_list":["post-1107","post","type-post","status-publish","format-standard","has-post-thumbnail","hentry","category-noticies","category-transporte-ca","category-viajes-ca","tag-copsta-maresme","tag-trenecito","tag-trenes-turisticos-ca"],"yoast_head":"<!-- This site is optimized with the Yoast SEO plugin v27.4 - https:\/\/yoast.com\/product\/yoast-seo-wordpress\/ -->\n<title>El &quot;CUC&quot; DE SANTA SUSANNA S&#039;ACOMIADA FINS EL 2022!!! - Trenes Tur\u00edsticos El &quot;CUC&quot; DE SANTA SUSANNA S&#039;ACOMIADA FINS EL 2022!!!<\/title>\n<meta name=\"description\" content=\"trenecito de Santa Susanna en la Costa del Maresme se despide un a\u00f1o m\u00e1s esperando volver la pr\u00f3xima temporada\" \/>\n<meta name=\"robots\" content=\"index, follow, max-snippet:-1, max-image-preview:large, max-video-preview:-1\" \/>\n<link rel=\"canonical\" href=\"https:\/\/trenesturisticos.info\/ca\/el-cuc-de-santa-susanna-se-despide-hasta-el-2022\/\" \/>\n<meta property=\"og:locale\" content=\"ca_ES\" \/>\n<meta property=\"og:type\" content=\"article\" \/>\n<meta property=\"og:title\" content=\"El &quot;CUC&quot; DE SANTA SUSANNA S&#039;ACOMIADA FINS EL 2022!!! - Trenes Tur\u00edsticos El &quot;CUC&quot; DE SANTA SUSANNA S&#039;ACOMIADA FINS EL 2022!!!\" \/>\n<meta property=\"og:description\" content=\"trenecito de Santa Susanna en la Costa del Maresme se despide un a\u00f1o m\u00e1s esperando volver la pr\u00f3xima temporada\" \/>\n<meta property=\"og:url\" content=\"https:\/\/trenesturisticos.info\/ca\/el-cuc-de-santa-susanna-se-despide-hasta-el-2022\/\" \/>\n<meta property=\"og:site_name\" content=\"Trenes Tur\u00edsticos\" \/>\n<meta property=\"article:published_time\" content=\"2021-10-27T10:40:24+00:00\" \/>\n<meta property=\"article:modified_time\" content=\"2021-10-28T15:15:16+00:00\" \/>\n<meta property=\"og:image\" content=\"https:\/\/trenesturisticos.info\/wp-content\/uploads\/2022\/04\/cuc-santa-susanna.jpg\" \/>\n\t<meta property=\"og:image:width\" content=\"1200\" \/>\n\t<meta property=\"og:image:height\" content=\"1600\" \/>\n\t<meta property=\"og:image:type\" content=\"image\/jpeg\" \/>\n<meta name=\"author\" content=\"Trenes Tur\u00edsticos\" \/>\n<meta name=\"twitter:card\" content=\"summary_large_image\" \/>\n<meta name=\"twitter:label1\" content=\"Escrit per\" \/>\n\t<meta name=\"twitter:data1\" content=\"Trenes Tur\u00edsticos\" \/>\n\t<meta name=\"twitter:label2\" content=\"Temps estimat de lectura\" \/>\n\t<meta name=\"twitter:data2\" content=\"1 minut\" \/>\n<script type=\"application\/ld+json\" class=\"yoast-schema-graph\">{\"@context\":\"https:\\\/\\\/schema.org\",\"@graph\":[{\"@type\":\"Article\",\"@id\":\"https:\\\/\\\/trenesturisticos.info\\\/ca\\\/el-cuc-de-santa-susanna-se-despide-hasta-el-2022\\\/#article\",\"isPartOf\":{\"@id\":\"https:\\\/\\\/trenesturisticos.info\\\/ca\\\/el-cuc-de-santa-susanna-se-despide-hasta-el-2022\\\/\"},\"author\":{\"name\":\"Trenes Tur\u00edsticos\",\"@id\":\"https:\\\/\\\/trenesturisticos.info\\\/ca\\\/#\\\/schema\\\/person\\\/5d0d4fd303e2b5cbf2f118bf023fd709\"},\"headline\":\"El &#8220;CUC&#8221; DE SANTA SUSANNA S&#8217;ACOMIADA FINS EL 2022!!!\",\"datePublished\":\"2021-10-27T10:40:24+00:00\",\"dateModified\":\"2021-10-28T15:15:16+00:00\",\"mainEntityOfPage\":{\"@id\":\"https:\\\/\\\/trenesturisticos.info\\\/ca\\\/el-cuc-de-santa-susanna-se-despide-hasta-el-2022\\\/\"},\"wordCount\":52,\"image\":{\"@id\":\"https:\\\/\\\/trenesturisticos.info\\\/ca\\\/el-cuc-de-santa-susanna-se-despide-hasta-el-2022\\\/#primaryimage\"},\"thumbnailUrl\":\"https:\\\/\\\/trenesturisticos.info\\\/wp-content\\\/uploads\\\/2021\\\/10\\\/tren-fin-temporada.jpg\",\"keywords\":[\"copsta maresme\",\"trenecito\",\"trenes tur\u00edsticos\"],\"articleSection\":[\"Not\u00edcies\",\"transporte\",\"viajes\"],\"inLanguage\":\"ca\"},{\"@type\":\"WebPage\",\"@id\":\"https:\\\/\\\/trenesturisticos.info\\\/ca\\\/el-cuc-de-santa-susanna-se-despide-hasta-el-2022\\\/\",\"url\":\"https:\\\/\\\/trenesturisticos.info\\\/ca\\\/el-cuc-de-santa-susanna-se-despide-hasta-el-2022\\\/\",\"name\":\"El \\\"CUC\\\" DE SANTA SUSANNA S'ACOMIADA FINS EL 2022!!! - Trenes Tur\u00edsticos El \\\"CUC\\\" DE SANTA SUSANNA S'ACOMIADA FINS EL 2022!!!\",\"isPartOf\":{\"@id\":\"https:\\\/\\\/trenesturisticos.info\\\/ca\\\/#website\"},\"primaryImageOfPage\":{\"@id\":\"https:\\\/\\\/trenesturisticos.info\\\/ca\\\/el-cuc-de-santa-susanna-se-despide-hasta-el-2022\\\/#primaryimage\"},\"image\":{\"@id\":\"https:\\\/\\\/trenesturisticos.info\\\/ca\\\/el-cuc-de-santa-susanna-se-despide-hasta-el-2022\\\/#primaryimage\"},\"thumbnailUrl\":\"https:\\\/\\\/trenesturisticos.info\\\/wp-content\\\/uploads\\\/2021\\\/10\\\/tren-fin-temporada.jpg\",\"datePublished\":\"2021-10-27T10:40:24+00:00\",\"dateModified\":\"2021-10-28T15:15:16+00:00\",\"author\":{\"@id\":\"https:\\\/\\\/trenesturisticos.info\\\/ca\\\/#\\\/schema\\\/person\\\/5d0d4fd303e2b5cbf2f118bf023fd709\"},\"description\":\"trenecito de Santa Susanna en la Costa del Maresme se despide un a\u00f1o m\u00e1s esperando volver la pr\u00f3xima temporada\",\"breadcrumb\":{\"@id\":\"https:\\\/\\\/trenesturisticos.info\\\/ca\\\/el-cuc-de-santa-susanna-se-despide-hasta-el-2022\\\/#breadcrumb\"},\"inLanguage\":\"ca\",\"potentialAction\":[{\"@type\":\"ReadAction\",\"target\":[\"https:\\\/\\\/trenesturisticos.info\\\/ca\\\/el-cuc-de-santa-susanna-se-despide-hasta-el-2022\\\/\"]}]},{\"@type\":\"ImageObject\",\"inLanguage\":\"ca\",\"@id\":\"https:\\\/\\\/trenesturisticos.info\\\/ca\\\/el-cuc-de-santa-susanna-se-despide-hasta-el-2022\\\/#primaryimage\",\"url\":\"https:\\\/\\\/trenesturisticos.info\\\/wp-content\\\/uploads\\\/2021\\\/10\\\/tren-fin-temporada.jpg\",\"contentUrl\":\"https:\\\/\\\/trenesturisticos.info\\\/wp-content\\\/uploads\\\/2021\\\/10\\\/tren-fin-temporada.jpg\",\"width\":2048,\"height\":1150},{\"@type\":\"BreadcrumbList\",\"@id\":\"https:\\\/\\\/trenesturisticos.info\\\/ca\\\/el-cuc-de-santa-susanna-se-despide-hasta-el-2022\\\/#breadcrumb\",\"itemListElement\":[{\"@type\":\"ListItem\",\"position\":1,\"name\":\"Portada\",\"item\":\"https:\\\/\\\/trenesturisticos.info\\\/ca\\\/inici\\\/\"},{\"@type\":\"ListItem\",\"position\":2,\"name\":\"El \u00abCUC\u00bb DE SANTA SUSANNA S&#8217;ACOMIADA FINS EL 2022!!!\"}]},{\"@type\":\"WebSite\",\"@id\":\"https:\\\/\\\/trenesturisticos.info\\\/ca\\\/#website\",\"url\":\"https:\\\/\\\/trenesturisticos.info\\\/ca\\\/\",\"name\":\"Trenes Tur\u00edsticos Santa Susanna y Pineda\",\"description\":\"Trenes Tur\u00edsticos\",\"potentialAction\":[{\"@type\":\"SearchAction\",\"target\":{\"@type\":\"EntryPoint\",\"urlTemplate\":\"https:\\\/\\\/trenesturisticos.info\\\/ca\\\/?s={search_term_string}\"},\"query-input\":{\"@type\":\"PropertyValueSpecification\",\"valueRequired\":true,\"valueName\":\"search_term_string\"}}],\"inLanguage\":\"ca\"},{\"@type\":\"Person\",\"@id\":\"https:\\\/\\\/trenesturisticos.info\\\/ca\\\/#\\\/schema\\\/person\\\/5d0d4fd303e2b5cbf2f118bf023fd709\",\"name\":\"Trenes Tur\u00edsticos\",\"sameAs\":[\"https:\\\/\\\/trenesturisticos.info\\\/\"]}]}<\/script>\n<!-- \/ Yoast SEO plugin. -->","yoast_head_json":{"title":"El \"CUC\" DE SANTA SUSANNA S'ACOMIADA FINS EL 2022!!! - Trenes Tur\u00edsticos El \"CUC\" DE SANTA SUSANNA S'ACOMIADA FINS EL 2022!!!","description":"trenecito de Santa Susanna en la Costa del Maresme se despide un a\u00f1o m\u00e1s esperando volver la pr\u00f3xima temporada","robots":{"index":"index","follow":"follow","max-snippet":"max-snippet:-1","max-image-preview":"max-image-preview:large","max-video-preview":"max-video-preview:-1"},"canonical":"https:\/\/trenesturisticos.info\/ca\/el-cuc-de-santa-susanna-se-despide-hasta-el-2022\/","og_locale":"ca_ES","og_type":"article","og_title":"El \"CUC\" DE SANTA SUSANNA S'ACOMIADA FINS EL 2022!!! - Trenes Tur\u00edsticos El \"CUC\" DE SANTA SUSANNA S'ACOMIADA FINS EL 2022!!!","og_description":"trenecito de Santa Susanna en la Costa del Maresme se despide un a\u00f1o m\u00e1s esperando volver la pr\u00f3xima temporada","og_url":"https:\/\/trenesturisticos.info\/ca\/el-cuc-de-santa-susanna-se-despide-hasta-el-2022\/","og_site_name":"Trenes Tur\u00edsticos","article_published_time":"2021-10-27T10:40:24+00:00","article_modified_time":"2021-10-28T15:15:16+00:00","og_image":[{"width":1200,"height":1600,"url":"https:\/\/trenesturisticos.info\/wp-content\/uploads\/2022\/04\/cuc-santa-susanna.jpg","type":"image\/jpeg"}],"author":"Trenes Tur\u00edsticos","twitter_card":"summary_large_image","twitter_misc":{"Escrit per":"Trenes Tur\u00edsticos","Temps estimat de lectura":"1 minut"},"schema":{"@context":"https:\/\/schema.org","@graph":[{"@type":"Article","@id":"https:\/\/trenesturisticos.info\/ca\/el-cuc-de-santa-susanna-se-despide-hasta-el-2022\/#article","isPartOf":{"@id":"https:\/\/trenesturisticos.info\/ca\/el-cuc-de-santa-susanna-se-despide-hasta-el-2022\/"},"author":{"name":"Trenes Tur\u00edsticos","@id":"https:\/\/trenesturisticos.info\/ca\/#\/schema\/person\/5d0d4fd303e2b5cbf2f118bf023fd709"},"headline":"El &#8220;CUC&#8221; DE SANTA SUSANNA S&#8217;ACOMIADA FINS EL 2022!!!","datePublished":"2021-10-27T10:40:24+00:00","dateModified":"2021-10-28T15:15:16+00:00","mainEntityOfPage":{"@id":"https:\/\/trenesturisticos.info\/ca\/el-cuc-de-santa-susanna-se-despide-hasta-el-2022\/"},"wordCount":52,"image":{"@id":"https:\/\/trenesturisticos.info\/ca\/el-cuc-de-santa-susanna-se-despide-hasta-el-2022\/#primaryimage"},"thumbnailUrl":"https:\/\/trenesturisticos.info\/wp-content\/uploads\/2021\/10\/tren-fin-temporada.jpg","keywords":["copsta maresme","trenecito","trenes tur\u00edsticos"],"articleSection":["Not\u00edcies","transporte","viajes"],"inLanguage":"ca"},{"@type":"WebPage","@id":"https:\/\/trenesturisticos.info\/ca\/el-cuc-de-santa-susanna-se-despide-hasta-el-2022\/","url":"https:\/\/trenesturisticos.info\/ca\/el-cuc-de-santa-susanna-se-despide-hasta-el-2022\/","name":"El \"CUC\" DE SANTA SUSANNA S'ACOMIADA FINS EL 2022!!! - Trenes Tur\u00edsticos El \"CUC\" DE SANTA SUSANNA S'ACOMIADA FINS EL 2022!!!","isPartOf":{"@id":"https:\/\/trenesturisticos.info\/ca\/#website"},"primaryImageOfPage":{"@id":"https:\/\/trenesturisticos.info\/ca\/el-cuc-de-santa-susanna-se-despide-hasta-el-2022\/#primaryimage"},"image":{"@id":"https:\/\/trenesturisticos.info\/ca\/el-cuc-de-santa-susanna-se-despide-hasta-el-2022\/#primaryimage"},"thumbnailUrl":"https:\/\/trenesturisticos.info\/wp-content\/uploads\/2021\/10\/tren-fin-temporada.jpg","datePublished":"2021-10-27T10:40:24+00:00","dateModified":"2021-10-28T15:15:16+00:00","author":{"@id":"https:\/\/trenesturisticos.info\/ca\/#\/schema\/person\/5d0d4fd303e2b5cbf2f118bf023fd709"},"description":"trenecito de Santa Susanna en la Costa del Maresme se despide un a\u00f1o m\u00e1s esperando volver la pr\u00f3xima temporada","breadcrumb":{"@id":"https:\/\/trenesturisticos.info\/ca\/el-cuc-de-santa-susanna-se-despide-hasta-el-2022\/#breadcrumb"},"inLanguage":"ca","potentialAction":[{"@type":"ReadAction","target":["https:\/\/trenesturisticos.info\/ca\/el-cuc-de-santa-susanna-se-despide-hasta-el-2022\/"]}]},{"@type":"ImageObject","inLanguage":"ca","@id":"https:\/\/trenesturisticos.info\/ca\/el-cuc-de-santa-susanna-se-despide-hasta-el-2022\/#primaryimage","url":"https:\/\/trenesturisticos.info\/wp-content\/uploads\/2021\/10\/tren-fin-temporada.jpg","contentUrl":"https:\/\/trenesturisticos.info\/wp-content\/uploads\/2021\/10\/tren-fin-temporada.jpg","width":2048,"height":1150},{"@type":"BreadcrumbList","@id":"https:\/\/trenesturisticos.info\/ca\/el-cuc-de-santa-susanna-se-despide-hasta-el-2022\/#breadcrumb","itemListElement":[{"@type":"ListItem","position":1,"name":"Portada","item":"https:\/\/trenesturisticos.info\/ca\/inici\/"},{"@type":"ListItem","position":2,"name":"El \u00abCUC\u00bb DE SANTA SUSANNA S&#8217;ACOMIADA FINS EL 2022!!!"}]},{"@type":"WebSite","@id":"https:\/\/trenesturisticos.info\/ca\/#website","url":"https:\/\/trenesturisticos.info\/ca\/","name":"Trenes Tur\u00edsticos Santa Susanna y Pineda","description":"Trenes Tur\u00edsticos","potentialAction":[{"@type":"SearchAction","target":{"@type":"EntryPoint","urlTemplate":"https:\/\/trenesturisticos.info\/ca\/?s={search_term_string}"},"query-input":{"@type":"PropertyValueSpecification","valueRequired":true,"valueName":"search_term_string"}}],"inLanguage":"ca"},{"@type":"Person","@id":"https:\/\/trenesturisticos.info\/ca\/#\/schema\/person\/5d0d4fd303e2b5cbf2f118bf023fd709","name":"Trenes Tur\u00edsticos","sameAs":["https:\/\/trenesturisticos.info\/"]}]}},"_links":{"self":[{"href":"https:\/\/trenesturisticos.info\/ca\/wp-json\/wp\/v2\/posts\/1107","targetHints":{"allow":["GET"]}}],"collection":[{"href":"https:\/\/trenesturisticos.info\/ca\/wp-json\/wp\/v2\/posts"}],"about":[{"href":"https:\/\/trenesturisticos.info\/ca\/wp-json\/wp\/v2\/types\/post"}],"author":[{"embeddable":true,"href":"https:\/\/trenesturisticos.info\/ca\/wp-json\/wp\/v2\/users\/2"}],"replies":[{"embeddable":true,"href":"https:\/\/trenesturisticos.info\/ca\/wp-json\/wp\/v2\/comments?post=1107"}],"version-history":[{"count":0,"href":"https:\/\/trenesturisticos.info\/ca\/wp-json\/wp\/v2\/posts\/1107\/revisions"}],"wp:featuredmedia":[{"embeddable":true,"href":"https:\/\/trenesturisticos.info\/ca\/wp-json\/wp\/v2\/media\/1098"}],"wp:attachment":[{"href":"https:\/\/trenesturisticos.info\/ca\/wp-json\/wp\/v2\/media?parent=1107"}],"wp:term":[{"taxonomy":"category","embeddable":true,"href":"https:\/\/trenesturisticos.info\/ca\/wp-json\/wp\/v2\/categories?post=1107"},{"taxonomy":"post_tag","embeddable":true,"href":"https:\/\/trenesturisticos.info\/ca\/wp-json\/wp\/v2\/tags?post=1107"}],"curies":[{"name":"wp","href":"https:\/\/api.w.org\/{rel}","templated":true}]}}